{"id":2842,"date":"2025-04-28T12:19:00","date_gmt":"2025-04-28T10:19:00","guid":{"rendered":"https:\/\/wskz.pl\/aktualnosci\/?p=2842"},"modified":"2025-04-28T13:35:00","modified_gmt":"2025-04-28T11:35:00","slug":"milczenie-i-lojalnosc-w-sluzbach-mundurowych-psychospoleczne-mechanizmy-niezglaszania-mobbingu-przez-ofiary-wnioski-z-konferencji","status":"publish","type":"post","link":"https:\/\/wskz.pl\/aktualnosci\/milczenie-i-lojalnosc-w-sluzbach-mundurowych-psychospoleczne-mechanizmy-niezglaszania-mobbingu-przez-ofiary-wnioski-z-konferencji\/","title":{"rendered":"Milczenie i lojalno\u015b\u0107 w s\u0142u\u017cbach mundurowych. Psychospo\u0142eczne mechanizmy niezg\u0142aszania mobbingu przez ofiary \u2013 wnioski z konferencji"},"content":{"rendered":"\n<p>W \u015brodowisku s\u0142u\u017cb mundurowych, takich jak policja, stra\u017c graniczna czy stra\u017c po\u017carna, panuje silna kultura lojalno\u015bci i tzw. \u201czmowy milczenia\u201d. Zjawisko to sprawia, \u017ce funkcjonariusze rzadko decyduj\u0105 si\u0119 na zg\u0142aszanie mobbingu \u2013 obawiaj\u0105 si\u0119 bowiem wykluczenia ze \u015brodowiska, konsekwencji s\u0142u\u017cbowych i spo\u0142ecznych stygmatyzacji. O ukrytej przemocy psychicznej w s\u0142u\u017cbach&nbsp;<strong>podczas konferencji 23 kwietnia 2025 m\u00f3wi\u0142 dr Rafa\u0142 Guzowski<\/strong>, wyk\u0142adowca i dyrektor programowy<strong>&nbsp;Instytutu Bezpiecze\u0144stwa Wewn\u0119trznego i Kryminologii.<\/strong><\/p>\n\n\n\n<h2 class=\"wp-block-heading\">Mobbing \u2013 ukryta przemoc w mundurze<\/h2>\n\n\n\n<p>Mobbing to nie tylko jednorazowy konflikt \u2013 to systematyczne, d\u0142ugotrwa\u0142e n\u0119kanie psychiczne w miejscu pracy. Objawia si\u0119 poprzez poni\u017canie, o\u015bmieszanie, krytyk\u0119 czy utrudnianie wykonywania obowi\u0105zk\u00f3w. W s\u0142u\u017cbach, gdzie dyscyplina i hierarchia odgrywaj\u0105 kluczow\u0105 rol\u0119, rozr\u00f3\u017cnienie mi\u0119dzy poleceniem a przemoc\u0105 mo\u017ce by\u0107 trudne \u2013 ale konieczne.<\/p>\n\n\n\n<h2 class=\"wp-block-heading\">Dlaczego ofiary milcz\u0105?<\/h2>\n\n\n\n<p>Dr Rafa\u0142 Guzowski z Wy\u017cszej Szko\u0142y Kszta\u0142cenia Zawodowego we Wroc\u0142awiu w swoim referacie analizowa\u0142 z\u0142o\u017con\u0105 sie\u0107 psychospo\u0142ecznych uwarunkowa\u0144, kt\u00f3re sprawiaj\u0105, \u017ce funkcjonariusze nie zg\u0142aszaj\u0105 przemocy. Zalicza si\u0119 do nich:<\/p>\n\n\n\n<ul class=\"wp-block-list\">\n<li><strong>wstyd, poczucie winy i potrzeba przynale\u017cno\u015bci<\/strong>;<\/li>\n\n\n\n<li><strong>strach przed utrat\u0105 pozycji, uprawnie\u0144, a nawet pracy<\/strong>;<\/li>\n\n\n\n<li><strong>niewiar\u0119 w skuteczno\u015b\u0107 systemu wsparcia<\/strong>;<\/li>\n\n\n\n<li><strong>siln\u0105 presj\u0119 \u201ebycia twardym\u201d i unikania \u201eskarg\u201d<\/strong>;<\/li>\n\n\n\n<li><strong>kultur\u0119 organizacyjn\u0105, kt\u00f3ra premiuje lojalno\u015b\u0107 wobec grupy, nie wobec warto\u015bci<\/strong>.<\/li>\n<\/ul>\n\n\n\n<h3 class=\"wp-block-heading\">Co pokazuj\u0105 badania?<\/h3>\n\n\n\n<p>Badania w\u015br\u00f3d policjant\u00f3w z wojew\u00f3dztwa lubelskiego wykaza\u0142y, \u017ce:<\/p>\n\n\n\n<ul class=\"wp-block-list\">\n<li><strong>30%<\/strong>\u00a0do\u015bwiadczy\u0142o agresji werbalnej;<\/li>\n\n\n\n<li><strong>17%<\/strong>\u00a0otrzymywa\u0142o absurdalne zadania w spos\u00f3b systematyczny.<\/li>\n<\/ul>\n\n\n\n<p>Z kolei raport MSW z 2014 r. ujawni\u0142, \u017ce:<\/p>\n\n\n\n<ul class=\"wp-block-list\">\n<li><strong>Ponad 40% kobiet<\/strong>\u00a0w s\u0142u\u017cbach mundurowych odczuwa\u0142o dyskryminacj\u0119 ze wzgl\u0119du na p\u0142e\u0107, plany macierzy\u0144skie lub brak dyspozycyjno\u015bci poza godzinami pracy.<\/li>\n<\/ul>\n\n\n\n<h2 class=\"wp-block-heading\">Mobbing jako temat mi\u0119dzynarodowej konferencji<\/h2>\n\n\n\n<p>Temat ten zosta\u0142 szerzej om\u00f3wiony podczas&nbsp;<strong>mi\u0119dzynarodowej konferencji naukowej<\/strong>&nbsp;organizowanej przez nasz\u0105 Uczelni\u0119 pt.<br><strong>\u201eMobbing jako destrukcyjny aspekt \u015brodowiska pracy\u201d<\/strong>.<\/p>\n\n\n\n<p>To wydarzenie skierowane do przedstawicieli r\u00f3\u017cnych zawod\u00f3w \u2013 nie tylko s\u0142u\u017cb mundurowych \u2013 poruszy\u0142o uniwersalne kwestie zwi\u0105zane z mobbingiem:<\/p>\n\n\n\n<ul class=\"wp-block-list\">\n<li>Jak rozpozna\u0107 pierwsze sygna\u0142y przemocy psychicznej?<\/li>\n\n\n\n<li>Jakie s\u0105 jej konsekwencje dla jednostek i organizacji?<\/li>\n\n\n\n<li>Jak skutecznie zapobiega\u0107 i reagowa\u0107?<\/li>\n<\/ul>\n\n\n\n<p>Swoj\u0105 wiedz\u0105 podzielili si\u0119 uznani eksperci z Polski i zagranicy, a konferencja sta\u0142a si\u0119 przestrzeni\u0105 do wymiany do\u015bwiadcze\u0144, refleksji i propozycji realnych rozwi\u0105za\u0144.<\/p>\n\n\n\n<h2 class=\"wp-block-heading\">Wnioski<\/h2>\n\n\n\n<p>Milczenie to nie brak przemocy \u2013 to jej rezultat. Lojalno\u015b\u0107, kt\u00f3ra w za\u0142o\u017ceniu ma chroni\u0107 dobro wsp\u00f3lne, bywa niestety narz\u0119dziem zastraszenia i wykluczenia. Je\u015bli mobbing funkcjonuje w instytucjach powo\u0142anych do ochrony spo\u0142ecze\u0144stwa, musimy zada\u0107 fundamentalne pytanie:&nbsp;<strong>Kto chroni tych, kt\u00f3rzy maj\u0105 nas chroni\u0107?<\/strong><\/p>\n","protected":false},"excerpt":{"rendered":"W \u015brodowisku s\u0142u\u017cb mundurowych, takich jak policja, stra\u017c graniczna czy stra\u017c po\u017carna, panuje silna kultura lojalno\u015bci i tzw.&hellip;","protected":false},"author":15,"featured_media":2851,"comment_status":"closed","ping_status":"closed","sticky":false,"template":"","format":"standard","meta":{"_acf_changed":false,"_lmt_disableupdate":"","_lmt_disable":"","_themeisle_gutenberg_block_has_review":false,"csco_display_header_overlay":false,"csco_singular_sidebar":"","csco_page_header_type":"","footnotes":""},"categories":[34],"tags":[],"class_list":{"0":"post-2842","1":"post","2":"type-post","3":"status-publish","4":"format-standard","5":"has-post-thumbnail","7":"category-wydarzenia","8":"cs-entry"},"acf":[],"modified_by":"Karina Dycha\u0142a","_links":{"self":[{"href":"https:\/\/wskz.pl\/aktualnosci\/wp-json\/wp\/v2\/posts\/2842","targetHints":{"allow":["GET"]}}],"collection":[{"href":"https:\/\/wskz.pl\/aktualnosci\/wp-json\/wp\/v2\/posts"}],"about":[{"href":"https:\/\/wskz.pl\/aktualnosci\/wp-json\/wp\/v2\/types\/post"}],"author":[{"embeddable":true,"href":"https:\/\/wskz.pl\/aktualnosci\/wp-json\/wp\/v2\/users\/15"}],"replies":[{"embeddable":true,"href":"https:\/\/wskz.pl\/aktualnosci\/wp-json\/wp\/v2\/comments?post=2842"}],"version-history":[{"count":2,"href":"https:\/\/wskz.pl\/aktualnosci\/wp-json\/wp\/v2\/posts\/2842\/revisions"}],"predecessor-version":[{"id":2852,"href":"https:\/\/wskz.pl\/aktualnosci\/wp-json\/wp\/v2\/posts\/2842\/revisions\/2852"}],"wp:featuredmedia":[{"embeddable":true,"href":"https:\/\/wskz.pl\/aktualnosci\/wp-json\/wp\/v2\/media\/2851"}],"wp:attachment":[{"href":"https:\/\/wskz.pl\/aktualnosci\/wp-json\/wp\/v2\/media?parent=2842"}],"wp:term":[{"taxonomy":"category","embeddable":true,"href":"https:\/\/wskz.pl\/aktualnosci\/wp-json\/wp\/v2\/categories?post=2842"},{"taxonomy":"post_tag","embeddable":true,"href":"https:\/\/wskz.pl\/aktualnosci\/wp-json\/wp\/v2\/tags?post=2842"}],"curies":[{"name":"wp","href":"https:\/\/api.w.org\/{rel}","templated":true}]}}