{"id":3374,"date":"2026-04-30T14:13:16","date_gmt":"2026-04-30T12:13:16","guid":{"rendered":"https:\/\/wskz.pl\/aktualnosci\/?p=3374"},"modified":"2026-04-30T14:14:32","modified_gmt":"2026-04-30T12:14:32","slug":"jak-przelamac-szkolne-schematy-i-zmienic-podejscie-tysiecy-uczniow-do-nauki-juz-23-maja-na-scenie-tedxwskz-o-swoim-sukcesie-opowie-baba-od-polskiego","status":"publish","type":"post","link":"https:\/\/wskz.pl\/aktualnosci\/jak-przelamac-szkolne-schematy-i-zmienic-podejscie-tysiecy-uczniow-do-nauki-juz-23-maja-na-scenie-tedxwskz-o-swoim-sukcesie-opowie-baba-od-polskiego\/","title":{"rendered":"Jak zmieni\u0107 podej\u015bcie tysi\u0119cy uczni\u00f3w do nauki? Ju\u017c 23 maja na scenie TEDxWSKZ opowie o tym Baba od polskiego"},"content":{"rendered":"\n<p>Kim jest Aneta Koryci\u0144ska i dlaczego jej podej\u015bcie do edukacji przyci\u0105ga tysi\u0105ce os\u00f3b? To nauczycielka j\u0119zyka polskiego i tw\u00f3rczyni znana jako Baba od polskiego, kt\u00f3ra udowadnia, \u017ce <strong>nauka mo\u017ce by\u0107 ciekawa, anga\u017cuj\u0105ca i pe\u0142na emocji. <\/strong>Sprawd\u017a, jakie do\u015bwiadczenie stoi za jej dzia\u0142alno\u015bci\u0105 i czego mo\u017cesz si\u0119 spodziewa\u0107 podczas TEDxWSKZ: Sky is the\u2026 beginning.<\/p>\n\n\n\n<h2 class=\"wp-block-heading\">Aneta Koryci\u0144ska \u2013 kto to jest?<\/h2>\n\n\n\n<p>Aneta Koryci\u0144ska to polonistka, oligofrenopedago\u017cka oraz popularyzatorka wiedzy o j\u0119zyku i literaturze. Publiczno\u015bci znana jest jako Baba od polskiego \u2013 <strong>tw\u00f3rczyni, kt\u00f3ra w przyst\u0119pny i cz\u0119sto humorystyczny spos\u00f3b t\u0142umaczy szkolne zagadnienia.<\/strong><\/p>\n\n\n\n<p>Od 2017 roku rozwija swoj\u0105 mark\u0119 edukacyjn\u0105, docieraj\u0105c do <strong>szerokiego grona odbiorc\u00f3w i pokazuj\u0105c, \u017ce j\u0119zyk polski nie musi by\u0107 trudny ani monotonny. <\/strong>Na co dzie\u0144 zajmuje si\u0119 m.in.:<\/p>\n\n\n\n<ul class=\"wp-block-list\">\n<li>przygotowywaniem scenariuszy lekcji;<\/li>\n\n\n\n<li>prowadzeniem spotka\u0144 literackich i edukacyjnych;<\/li>\n\n\n\n<li>realizacj\u0105 projekt\u00f3w \u0142\u0105cz\u0105cych kultur\u0119, edukacj\u0119 i nowe media.<\/li>\n<\/ul>\n\n\n\n<h2 class=\"wp-block-heading\">Jak Aneta Koryci\u0144ska prze\u0142amuje schematy w edukacji?<\/h2>\n\n\n\n<p>Jej podej\u015bcie pokazuje, \u017ce <strong>nauka nie musi opiera\u0107 si\u0119 na schematach ani mechanicznym zapami\u0119tywaniu. <\/strong>Stawia na zrozumienie, emocje oraz wykorzystanie technik u\u0142atwiaj\u0105cych przyswajanie wiedzy, dzi\u0119ki czemu proces uczenia staje si\u0119 bardziej efektywny i naturalny. Jak sama podkre\u015bla, nawet w ramach formalnego systemu edukacji mo\u017cna dzia\u0142a\u0107 w spos\u00f3b kreatywny i anga\u017cuj\u0105cy.&nbsp;<\/p>\n\n\n\n<p><em>Wymy\u015bli\u0142am sobie najbardziej sformalizowany zaw\u00f3d \u015bwiata, a wykonuj\u0119 go tak, \u017ce wspaniale si\u0119 przy tym bawi\u0119. [&#8230;] Od lat udowadniam, \u017ce j\u0119zyk polski nie musi by\u0107 nudny, a nauka mo\u017ce by\u0107 przygod\u0105, emocj\u0105 i sposobem na poznanie siebie<\/em><strong><em>. <\/em><\/strong>\u2013 czytamy na jej stronie babaodpolskiego.pl<\/p>\n\n\n\n<h3 class=\"wp-block-heading\">Czym zajmuje si\u0119 Baba od polskiego na co dzie\u0144?<\/h3>\n\n\n\n<p>Aneta Koryci\u0144ska \u0142\u0105czy dzia\u0142alno\u015b\u0107 edukacyjn\u0105 z <strong>tworzeniem nowoczesnych tre\u015bci i projekt\u00f3w. <\/strong>Jej dzia\u0142alno\u015b\u0107 udowadnia, \u017ce j\u0119zyk polski mo\u017ce by\u0107 przestrzeni\u0105 do odkrywania siebie i rozwijania w\u0142asnych kompetencji.<\/p>\n\n\n\n<p>W swojej pracy:<\/p>\n\n\n\n<ul class=\"wp-block-list\">\n<li>przygotowuje materia\u0142y edukacyjne i tre\u015bci do medi\u00f3w spo\u0142eczno\u015bciowych;<\/li>\n\n\n\n<li>prowadzi podcasty, w tym \u201eMatura po godzinach\u201d dla Polskiego Radia;<\/li>\n\n\n\n<li>tworzy scenariusze lekcji dla instytucji kultury;<\/li>\n\n\n\n<li>organizuje wydarzenia edukacyjne, m.in. Romantykon;<\/li>\n\n\n\n<li>prowadzi szkolenia dla uczni\u00f3w, nauczycieli i organizacji.<\/li>\n<\/ul>\n\n\n\n<p>Jest r\u00f3wnie\u017c <strong>autork\u0105 ksi\u0105\u017cek, gier edukacyjnych i inicjatyw wspieraj\u0105cych czytelnictwo.<\/strong> Jej wk\u0142ad w edukacj\u0119 m\u0142odych pokole\u0144 zosta\u0142 doceniony m.in. nagrod\u0105 VIVELO Top Creators 2024 oraz wyr\u00f3\u017cnieniem w konkursie Ksi\u0105\u017cka Roku 2024 Polskiej Sekcji IBBY.<\/p>\n\n\n\n<h2 class=\"wp-block-heading\">TEDxWSKZ \u2013 dlaczego warto wzi\u0105\u0107 udzia\u0142?<\/h2>\n\n\n\n<p><a href=\"https:\/\/wskz.pl\/aktualnosci\/tedxwskz-sky-is-the-beginning-poznaj-idee-ktore-wykraczaja-poza-mury-uczelni\/\">TEDxWSKZ: Sky is the beginning<\/a> to wydarzenie, kt\u00f3re \u0142\u0105czy innowacyjny punkt widzenia ekspert\u00f3w z warto\u015bciow\u0105 wiedz\u0105 edukacyjn\u0105. To przestrze\u0144 do spotkania z lud\u017ami, kt\u00f3rzy nie tylko m\u00f3wi\u0105 o zmianach, ale wdra\u017caj\u0105 je na co dzie\u0144.<\/p>\n\n\n\n<p>Udzia\u0142 w wydarzeniu jest bezp\u0142atny i daje mo\u017cliwo\u015b\u0107:<\/p>\n\n\n\n<ul class=\"wp-block-list\">\n<li>poznania nowych perspektyw;<\/li>\n\n\n\n<li>spotkania praktyk\u00f3w z r\u00f3\u017cnych bran\u017c;<\/li>\n\n\n\n<li>rozwoju osobistego i zawodowego.<\/li>\n<\/ul>\n\n\n\n<p>Je\u015bli chcesz zobaczy\u0107, jak wygl\u0105da edukacja bez schemat\u00f3w i pos\u0142ucha\u0107 wyst\u0105pienia, kt\u00f3re zmienia spos\u00f3b my\u015blenia o nauce \u2013 zarejestruj si\u0119 ju\u017c dzi\u015b na <a href=\"http:\/\/tedxwskz.pl\">tedxwskz.pl<\/a>. Zobacz wyst\u0105pienie Baby od polskiego oraz innych prelegent\u00f3w i <strong>zainspiruj si\u0119 historiami os\u00f3b kszta\u0142tuj\u0105cych przysz\u0142o\u015b\u0107.&nbsp;<\/strong><\/p>\n\n\n\n<h2 class=\"wp-block-heading\">FAQ<\/h2>\n\n\n\n<h3 class=\"wp-block-heading\">Kim jest Aneta Koryci\u0144ska \u2013 Baba od polskiego?<\/h3>\n\n\n\n<p>Aneta Koryci\u0144ska to polonistka, edukatorka i tw\u00f3rczyni internetowa, kt\u00f3ra popularyzuje wiedz\u0119 o j\u0119zyku polskim w nowoczesny spos\u00f3b. \u0141\u0105czy edukacj\u0119 z mediami cyfrowymi, dzi\u0119ki czemu trafia do szerokiego grona odbiorc\u00f3w.<\/p>\n\n\n\n<h3 class=\"wp-block-heading\">Dlaczego warto pos\u0142ucha\u0107 jej wyst\u0105pienia na TEDxWSKZ?<\/h3>\n\n\n\n<p>Jej wyst\u0105pienie pokazuje, jak mo\u017cna uczy\u0107 si\u0119 skutecznie i bez schemat\u00f3w, wykorzystuj\u0105c emocje i zrozumienie. To praktyczne spojrzenie na edukacj\u0119, kt\u00f3re mo\u017ce zmieni\u0107 podej\u015bcie do nauki.<\/p>\n\n\n\n<h3 class=\"wp-block-heading\">Czego mo\u017cna si\u0119 nauczy\u0107 z jej prelekcji?<\/h3>\n\n\n\n<p>Wyst\u0105pienie pozwala zrozumie\u0107, jak dzia\u0142a efektywne uczenie si\u0119 oparte na zaanga\u017cowaniu i \u015bwiadomym podej\u015bciu. Pokazuje r\u00f3wnie\u017c, jak budowa\u0107 w\u0142asne metody pracy i rozwija\u0107 kompetencje.<\/p>\n\n\n\n<h3 class=\"wp-block-heading\">Czym jest TEDxWSKZ i dlaczego warto w nim uczestniczy\u0107?<\/h3>\n\n\n\n<p>TEDxWSKZ to wydarzenie inspirowane globaln\u0105 ide\u0105 TED, kt\u00f3re \u0142\u0105czy wiedz\u0119, inspiracj\u0119 i praktyk\u0119. Uczestnictwo daje mo\u017cliwo\u015b\u0107 rozwoju, poznania ciekawych os\u00f3b i zdobycia nowych perspektyw.<\/p>\n","protected":false},"excerpt":{"rendered":"Kim jest Aneta Koryci\u0144ska i dlaczego jej podej\u015bcie do edukacji przyci\u0105ga tysi\u0105ce os\u00f3b? To nauczycielka j\u0119zyka polskiego i&hellip;","protected":false},"author":15,"featured_media":3382,"comment_status":"closed","ping_status":"closed","sticky":false,"template":"","format":"standard","meta":{"_acf_changed":false,"_lmt_disableupdate":"","_lmt_disable":"","_themeisle_gutenberg_block_has_review":false,"csco_display_header_overlay":false,"csco_singular_sidebar":"","csco_page_header_type":"","footnotes":""},"categories":[3],"tags":[],"class_list":{"0":"post-3374","1":"post","2":"type-post","3":"status-publish","4":"format-standard","5":"has-post-thumbnail","7":"category-aktualnosci","8":"cs-entry"},"acf":[],"modified_by":"Karina Dycha\u0142a","_links":{"self":[{"href":"https:\/\/wskz.pl\/aktualnosci\/wp-json\/wp\/v2\/posts\/3374","targetHints":{"allow":["GET"]}}],"collection":[{"href":"https:\/\/wskz.pl\/aktualnosci\/wp-json\/wp\/v2\/posts"}],"about":[{"href":"https:\/\/wskz.pl\/aktualnosci\/wp-json\/wp\/v2\/types\/post"}],"author":[{"embeddable":true,"href":"https:\/\/wskz.pl\/aktualnosci\/wp-json\/wp\/v2\/users\/15"}],"replies":[{"embeddable":true,"href":"https:\/\/wskz.pl\/aktualnosci\/wp-json\/wp\/v2\/comments?post=3374"}],"version-history":[{"count":2,"href":"https:\/\/wskz.pl\/aktualnosci\/wp-json\/wp\/v2\/posts\/3374\/revisions"}],"predecessor-version":[{"id":3385,"href":"https:\/\/wskz.pl\/aktualnosci\/wp-json\/wp\/v2\/posts\/3374\/revisions\/3385"}],"wp:featuredmedia":[{"embeddable":true,"href":"https:\/\/wskz.pl\/aktualnosci\/wp-json\/wp\/v2\/media\/3382"}],"wp:attachment":[{"href":"https:\/\/wskz.pl\/aktualnosci\/wp-json\/wp\/v2\/media?parent=3374"}],"wp:term":[{"taxonomy":"category","embeddable":true,"href":"https:\/\/wskz.pl\/aktualnosci\/wp-json\/wp\/v2\/categories?post=3374"},{"taxonomy":"post_tag","embeddable":true,"href":"https:\/\/wskz.pl\/aktualnosci\/wp-json\/wp\/v2\/tags?post=3374"}],"curies":[{"name":"wp","href":"https:\/\/api.w.org\/{rel}","templated":true}]}}