{"id":3375,"date":"2026-04-30T14:01:24","date_gmt":"2026-04-30T12:01:24","guid":{"rendered":"https:\/\/wskz.pl\/aktualnosci\/?p=3375"},"modified":"2026-04-30T14:03:22","modified_gmt":"2026-04-30T12:03:22","slug":"sylwia-ksiazek-ekspertka-przywodztwa-i-rozwoju-organizacji-na-scenie-tedxwskz-juz-23-maja","status":"publish","type":"post","link":"https:\/\/wskz.pl\/aktualnosci\/sylwia-ksiazek-ekspertka-przywodztwa-i-rozwoju-organizacji-na-scenie-tedxwskz-juz-23-maja\/","title":{"rendered":"Sylwia Ksi\u0105\u017cek \u2013 ekspertka przyw\u00f3dztwa i rozwoju organizacji na scenie TEDxWSKZ ju\u017c 23 maja"},"content":{"rendered":"\n<p>Kim jest Sylwia Ksi\u0105\u017cek i dlaczego warto jej pos\u0142ucha\u0107? <strong>To specjalistka \u0142\u0105cz\u0105ca \u015bwiat nauki, biznesu i kompetencji przysz\u0142o\u015bci, kt\u00f3ra ju\u017c 23 maja wyst\u0105pi podczas wydarzenia TEDxWSKZ. <\/strong>Sprawd\u017a, jakie do\u015bwiadczenie stoi za jej dzia\u0142alno\u015bci\u0105 i czego mo\u017cesz si\u0119 spodziewa\u0107 podczas TEDxWSKZ: Sky is the beginning.<\/p>\n\n\n\n<h2 class=\"wp-block-heading\">Kim jest Sylwia Ksi\u0105\u017cek?<\/h2>\n\n\n\n<p>Dr Sylwia Ksi\u0105\u017cek to doktor nauk spo\u0142ecznych oraz wyk\u0142adowczyni akademicka, kt\u00f3ra od lat zajmuje si\u0119 tematyk\u0105 zarz\u0105dzania i bezpiecze\u0144stwa. Jest <strong>autork\u0105 publikacji naukowych dotycz\u0105cych m.in. bezpiecze\u0144stwa w lotnictwie cywilnym oraz funkcjonowania struktur lokalnych. <\/strong>Stopie\u0144 doktora uzyska\u0142a na Akademii Wojsk L\u0105dowych, rozwijaj\u0105c zainteresowania w obszarze zarz\u0105dzania w kontek\u015bcie cywilnym.<\/p>\n\n\n\n<p>Jej wykszta\u0142cenie obejmuje r\u00f3wnie\u017c dwa kierunki magisterskie \u2013 <strong>stosunki mi\u0119dzynarodowe oraz bezpiecze\u0144stwo narodowe. <\/strong>Dzi\u0119ki temu patrzy na wsp\u00f3\u0142czesne wyzwania w spos\u00f3b szeroki i interdyscyplinarny, \u0142\u0105cz\u0105c r\u00f3\u017cne perspektywy analityczne.<\/p>\n\n\n\n<p>Zobacz, jak idee mog\u0105 prze\u0142o\u017cy\u0107 si\u0119 na codzienne dzia\u0142ania i wp\u0142ywa\u0107 na otaczaj\u0105c\u0105 nas rzeczywisto\u015b\u0107. Zarejestruj si\u0119 ju\u017c dzi\u015b na <a href=\"http:\/\/tedxwskz.pl\">tedxwskz.pl<\/a> i zainspiruj si\u0119 historiami os\u00f3b, kt\u00f3re aktywnie kszta\u0142tuj\u0105 przysz\u0142o\u015b\u0107.&nbsp;<\/p>\n\n\n\n<h2 class=\"wp-block-heading\">Jak dr Sylwia Ksi\u0105\u017cek rozwija lider\u00f3w i organizacje?<\/h2>\n\n\n\n<p>Sylwia Ksi\u0105\u017cek konsekwentnie pokazuje, \u017ce rozw\u00f3j organizacji zaczyna si\u0119 od ludzi i ich kompetencji. W swojej pracy <strong>\u0142\u0105czy podej\u015bcie analityczne z praktycznymi rozwi\u0105zaniami mo\u017cliwymi do wdro\u017cenia w naturalnym \u015brodowisku biznesowym. <\/strong>Specjalizuje si\u0119 w rozwijaniu lider\u00f3w i zespo\u0142\u00f3w oraz w zarz\u0105dzaniu operacyjnym, strategicznym i projektowym.<\/p>\n\n\n\n<h3 class=\"wp-block-heading\">Czym dr Sylwia Ksi\u0105\u017cek zajmuje si\u0119 na co dzie\u0144?<\/h3>\n\n\n\n<p>Ekspertka jest <strong>za\u0142o\u017cycielk\u0105 marki HR2Face<\/strong>, w ramach kt\u00f3rej wspiera firmy w budowaniu efektywnych struktur i rozwijaniu kompetencji przysz\u0142o\u015bci. Jej dzia\u0142ania koncentruj\u0105 si\u0119 na:<\/p>\n\n\n\n<ul class=\"wp-block-list\">\n<li>projektowaniu strategii zarz\u0105dzania talentami i zmianie kultury organizacyjnej;<\/li>\n\n\n\n<li>realizacji projekt\u00f3w mi\u0119dzynarodowych dopasowanych do dynamicznych warunk\u00f3w rynkowych;<\/li>\n\n\n\n<li>\u0142\u0105czeniu obszaru HR z efektywno\u015bci\u0105 operacyjn\u0105;<\/li>\n\n\n\n<li>wykorzystywaniu nowych technologii, w tym AI, w procesach rekrutacyjnych i rozwojowych.<\/li>\n<\/ul>\n\n\n\n<p>Za swoj\u0105 dzia\u0142alno\u015b\u0107 <strong>zosta\u0142a wyr\u00f3\u017cniona tytu\u0142em Lidera Inteligentnego Rozwoju 2025,<\/strong> co potwierdza jej wp\u0142yw na nowoczesne podej\u015bcie do zarz\u0105dzania.<\/p>\n\n\n\n<figure class=\"wp-block-image size-large\"><img loading=\"lazy\" decoding=\"async\" width=\"1024\" height=\"536\" src=\"https:\/\/wskz.pl\/aktualnosci\/wp-content\/uploads\/2026\/04\/tedx-wskz-1024x536.jpg\" alt=\"tedx wskz\" class=\"wp-image-3377\" srcset=\"https:\/\/wskz.pl\/aktualnosci\/wp-content\/uploads\/2026\/04\/tedx-wskz-1024x536.jpg 1024w, https:\/\/wskz.pl\/aktualnosci\/wp-content\/uploads\/2026\/04\/tedx-wskz-300x157.jpg 300w, https:\/\/wskz.pl\/aktualnosci\/wp-content\/uploads\/2026\/04\/tedx-wskz-768x402.jpg 768w, https:\/\/wskz.pl\/aktualnosci\/wp-content\/uploads\/2026\/04\/tedx-wskz-512x268.jpg 512w, https:\/\/wskz.pl\/aktualnosci\/wp-content\/uploads\/2026\/04\/tedx-wskz-920x481.jpg 920w, https:\/\/wskz.pl\/aktualnosci\/wp-content\/uploads\/2026\/04\/tedx-wskz.jpg 1200w\" sizes=\"auto, (max-width: 1024px) 100vw, 1024px\" \/><\/figure>\n\n\n\n<h2 class=\"wp-block-heading\">TEDxWSKZ \u2013 dlaczego warto wzi\u0105\u0107 udzia\u0142?<\/h2>\n\n\n\n<p><a href=\"https:\/\/wskz.pl\/aktualnosci\/tedxwskz-sky-is-the-beginning-poznaj-idee-ktore-wykraczaja-poza-mury-uczelni\/\">TEDxWSKZ: Sky is the beginning<\/a> to wydarzenie, kt\u00f3re \u0142\u0105czy innowacyjny punkt widzenia ekspert\u00f3w z warto\u015bciow\u0105 wiedz\u0105 edukacyjn\u0105. To przestrze\u0144 do spotkania z lud\u017ami, kt\u00f3rzy nie tylko m\u00f3wi\u0105 o zmianach, ale wdra\u017caj\u0105 je na co dzie\u0144.<\/p>\n\n\n\n<p>Udzia\u0142 w wydarzeniu jest bezp\u0142atny i daje mo\u017cliwo\u015b\u0107:<\/p>\n\n\n\n<ul class=\"wp-block-list\">\n<li>poznania nowych perspektyw;<\/li>\n\n\n\n<li>spotkania praktyk\u00f3w z r\u00f3\u017cnych bran\u017c;<\/li>\n\n\n\n<li>rozwoju osobistego i zawodowego.<\/li>\n<\/ul>\n\n\n\n<p>Zobacz, jak idee mog\u0105 prze\u0142o\u017cy\u0107 si\u0119 na dzia\u0142ania zmieniaj\u0105ce \u015bwiat. Zarejestruj si\u0119 ju\u017c dzi\u015b na <a href=\"http:\/\/tedxwskz.pl\">tedxwskz.pl<\/a> i <strong>zainspiruj si\u0119 historiami os\u00f3b kszta\u0142tuj\u0105cych przysz\u0142o\u015b\u0107.&nbsp;<\/strong><\/p>\n\n\n\n<h2 class=\"wp-block-heading\">FAQ<\/h2>\n\n\n\n<h3 class=\"wp-block-heading\">Kim jest Sylwia Ksi\u0105\u017cek i czym si\u0119 zajmuje?<\/h3>\n\n\n\n<p>Sylwia Ksi\u0105\u017cek to doktor nauk spo\u0142ecznych, wyk\u0142adowczyni i ekspertka w obszarze zarz\u0105dzania oraz rozwoju organizacji. \u0141\u0105czy do\u015bwiadczenie akademickie z praktyk\u0105 biznesow\u0105, koncentruj\u0105c si\u0119 na przyw\u00f3dztwie i kompetencjach przysz\u0142o\u015bci.<\/p>\n\n\n\n<h3 class=\"wp-block-heading\">Dlaczego warto pos\u0142ucha\u0107 Sylwii Ksi\u0105\u017cek na TEDxWSKZ?<\/h3>\n\n\n\n<p>Wyst\u0105pienie dr Sylwii Ksi\u0105\u017cek opiera si\u0119 na praktycznym do\u015bwiadczeniu i pokazuje, jak skutecznie rozwija\u0107 lider\u00f3w oraz organizacje. Prezentuje podej\u015bcie \u0142\u0105cz\u0105ce strategi\u0119, HR i nowe technologie w zmieniaj\u0105cym si\u0119 \u015brodowisku biznesowym.<\/p>\n\n\n\n<h3 class=\"wp-block-heading\">Czego mo\u017cna si\u0119 dowiedzie\u0107 z jej wyst\u0105pienia?<\/h3>\n\n\n\n<p>Prelekcja dr Sylwii Ksi\u0105\u017cek pozwoli zrozumie\u0107, jak budowa\u0107 organizacje odporne na zmiany i rozwija\u0107 kompetencje przysz\u0142o\u015bci. Uczestnicy zobacz\u0105 r\u00f3wnie\u017c, jak \u015bwiadome przyw\u00f3dztwo wp\u0142ywa na efektywno\u015b\u0107 zespo\u0142\u00f3w i wyniki biznesowe.<\/p>\n\n\n\n<h3 class=\"wp-block-heading\">Czym jest TEDxWSKZ i dlaczego warto w nim uczestniczy\u0107?<\/h3>\n\n\n\n<p>TEDxWSKZ to wydarzenie inspirowane globaln\u0105 ide\u0105 TED, kt\u00f3re \u0142\u0105czy wyst\u0105pienia ekspert\u00f3w z warto\u015bci\u0105 edukacyjn\u0105. Uczestnictwo daje szans\u0119 na zdobycie nowych inspiracji, poznanie lider\u00f3w oraz rozw\u00f3j osobisty i zawodowy.<\/p>\n","protected":false},"excerpt":{"rendered":"Kim jest Sylwia Ksi\u0105\u017cek i dlaczego warto jej pos\u0142ucha\u0107? To specjalistka \u0142\u0105cz\u0105ca \u015bwiat nauki, biznesu i kompetencji przysz\u0142o\u015bci,&hellip;","protected":false},"author":15,"featured_media":3380,"comment_status":"closed","ping_status":"closed","sticky":false,"template":"","format":"standard","meta":{"_acf_changed":false,"_lmt_disableupdate":"","_lmt_disable":"","_themeisle_gutenberg_block_has_review":false,"csco_display_header_overlay":false,"csco_singular_sidebar":"","csco_page_header_type":"","footnotes":""},"categories":[3],"tags":[],"class_list":{"0":"post-3375","1":"post","2":"type-post","3":"status-publish","4":"format-standard","5":"has-post-thumbnail","7":"category-aktualnosci","8":"cs-entry"},"acf":[],"modified_by":"Karina Dycha\u0142a","_links":{"self":[{"href":"https:\/\/wskz.pl\/aktualnosci\/wp-json\/wp\/v2\/posts\/3375","targetHints":{"allow":["GET"]}}],"collection":[{"href":"https:\/\/wskz.pl\/aktualnosci\/wp-json\/wp\/v2\/posts"}],"about":[{"href":"https:\/\/wskz.pl\/aktualnosci\/wp-json\/wp\/v2\/types\/post"}],"author":[{"embeddable":true,"href":"https:\/\/wskz.pl\/aktualnosci\/wp-json\/wp\/v2\/users\/15"}],"replies":[{"embeddable":true,"href":"https:\/\/wskz.pl\/aktualnosci\/wp-json\/wp\/v2\/comments?post=3375"}],"version-history":[{"count":2,"href":"https:\/\/wskz.pl\/aktualnosci\/wp-json\/wp\/v2\/posts\/3375\/revisions"}],"predecessor-version":[{"id":3381,"href":"https:\/\/wskz.pl\/aktualnosci\/wp-json\/wp\/v2\/posts\/3375\/revisions\/3381"}],"wp:featuredmedia":[{"embeddable":true,"href":"https:\/\/wskz.pl\/aktualnosci\/wp-json\/wp\/v2\/media\/3380"}],"wp:attachment":[{"href":"https:\/\/wskz.pl\/aktualnosci\/wp-json\/wp\/v2\/media?parent=3375"}],"wp:term":[{"taxonomy":"category","embeddable":true,"href":"https:\/\/wskz.pl\/aktualnosci\/wp-json\/wp\/v2\/categories?post=3375"},{"taxonomy":"post_tag","embeddable":true,"href":"https:\/\/wskz.pl\/aktualnosci\/wp-json\/wp\/v2\/tags?post=3375"}],"curies":[{"name":"wp","href":"https:\/\/api.w.org\/{rel}","templated":true}]}}