{"id":4587,"date":"2026-08-28T11:01:09","date_gmt":"2026-08-28T09:01:09","guid":{"rendered":"https:\/\/wskz.pl\/aktualnosci\/?p=4587"},"modified":"2026-08-28T11:01:10","modified_gmt":"2026-08-28T09:01:10","slug":"dr-kamil-stepniak-o-prawie-i-godnosci-czlowieka-wystapienie-na-tedx-wskz","status":"publish","type":"post","link":"https:\/\/wskz.pl\/aktualnosci\/dr-kamil-stepniak-o-prawie-i-godnosci-czlowieka-wystapienie-na-tedx-wskz\/","title":{"rendered":"Dr Kamil St\u0119pniak o prawie i godno\u015bci cz\u0142owieka \u2013 wyst\u0105pienie na TEDx WSKZ\u00a0"},"content":{"rendered":"\n<p class=\"wp-block-paragraph\">Dlaczego godno\u015b\u0107 jest jednym z najwa\u017cniejszych poj\u0119\u0107 w prawie? <strong>Ma ona charakter przyrodzony i niezbywalny oraz stanowi \u017ar\u00f3d\u0142o wolno\u015bci i praw ka\u017cdego cz\u0142owieka<\/strong>. <strong><\/strong>Dr Kamil St\u0119pniak podczas TEDx WSKZ wyja\u015bni\u0142 jej znaczenie, a tak\u017ce przybli\u017cy\u0142 podstawowe zagadnienia prawne na przyk\u0142adach z codziennego \u017cycia. Poznaj najwa\u017cniejsze w\u0105tki jego prelekcji.&nbsp;<\/p>\n\n\n\n<h2 class=\"wp-block-heading\">Jak dr Kamil St\u0119pniak przybli\u017cy\u0142 s\u0142uchaczom \u015bwiat prawa?<\/h2>\n\n\n\n<p class=\"wp-block-paragraph\">Dr Kamil St\u0119pniak pokaza\u0142, \u017ce o prawie mo\u017cna m\u00f3wi\u0107 bez ograniczania si\u0119 do skomplikowanych definicji i przepis\u00f3w. <strong>W swojej prelekcji zestawia\u0142 zagadnienia prawne z sytuacjami znanymi z codziennego \u017cycia<\/strong>. Wyja\u015bnia\u0142 m.in. hierarchi\u0119 akt\u00f3w prawnych, konstrukcj\u0119 normy oraz znaczenie godno\u015bci cz\u0142owieka.<\/p>\n\n\n\n<p class=\"wp-block-paragraph\">Ju\u017c tytu\u0142 wyst\u0105pienia \u201eIle godno\u015bci mie\u015bci si\u0119 w cz\u0142owieku i jak j\u0105 upchn\u0105\u0107 w jednym paragrafie?\u201d sta\u0142 si\u0119 okazj\u0105 do zwr\u00f3cenia uwagi na prawniczy szczeg\u00f3\u0142. <strong>Prelegent wyja\u015bni\u0142 r\u00f3\u017cnic\u0119 mi\u0119dzy paragrafem a artyku\u0142em i pokaza\u0142, \u017ce nawet spos\u00f3b nazywania poszczeg\u00f3lnych element\u00f3w aktu prawnego ma znaczenie.<\/strong> By\u0142 to punkt wyj\u015bcia do om\u00f3wienia kolejnych zagadnie\u0144 zwi\u0105zanych z funkcjonowaniem prawa.&nbsp;<\/p>\n\n\n\n<p class=\"wp-block-paragraph\"><strong>W\u015br\u00f3d najwa\u017cniejszych temat\u00f3w prelekcji dr. Kamila St\u0119pniaka znalaz\u0142y si\u0119:&nbsp;<\/strong><\/p>\n\n\n\n<ul class=\"wp-block-list\">\n<li>\u017ar\u00f3d\u0142a prawa w Polsce;<\/li>\n\n\n\n<li>normy i zasady prawne;<\/li>\n\n\n\n<li>hipoteza, dyspozycja i sankcja;<\/li>\n\n\n\n<li>godno\u015b\u0107 cz\u0142owieka w Konstytucji;<\/li>\n\n\n\n<li>godno\u015b\u0107 osobowa a osobista;<\/li>\n\n\n\n<li>ciekawostki prawne i przyk\u0142ady pokazuj\u0105ce dzia\u0142anie prawa.<\/li>\n<\/ul>\n\n\n\n<h2 class=\"wp-block-heading\">Jak wygl\u0105da hierarchia \u017ar\u00f3de\u0142 prawa w Polsce?&nbsp;<\/h2>\n\n\n\n<p class=\"wp-block-paragraph\">W hierarchii \u017ar\u00f3de\u0142 prawa w Polsce szczeg\u00f3lne miejsce zajmuje Konstytucja. <strong>Dr Kamil St\u0119pniak podczas wyst\u0105pienia wskaza\u0142 r\u00f3wnie\u017c na ustawy, ratyfikowane umowy mi\u0119dzynarodowe oraz rozporz\u0105dzenia<\/strong>.&nbsp;<\/p>\n\n\n\n<p class=\"wp-block-paragraph\">Aby przybli\u017cy\u0107 zale\u017cno\u015bci mi\u0119dzy poszczeg\u00f3lnymi aktami, prelegent por\u00f3wna\u0142 je do zasad obowi\u0105zuj\u0105cych w rodzinie. <strong>W ten spos\u00f3b pokaza\u0142 r\u00f3\u017cny poziom szczeg\u00f3\u0142owo\u015bci akt\u00f3w prawnych:&nbsp;<\/strong><\/p>\n\n\n\n<ul class=\"wp-block-list\">\n<li><strong>Konstytucja<\/strong> \u2013 okre\u015bla podstawowe warto\u015bci i zasady;<\/li>\n\n\n\n<li><strong>ustawy<\/strong> \u2013 reguluj\u0105 poszczeg\u00f3lne obszary w bardziej szczeg\u00f3\u0142owy spos\u00f3b;<\/li>\n\n\n\n<li><strong>rozporz\u0105dzenia<\/strong> \u2013 zawieraj\u0105 rozwi\u0105zania s\u0142u\u017c\u0105ce wykonywaniu regulacji zawartych w aktach wy\u017cszego rz\u0119du.<\/li>\n<\/ul>\n\n\n\n<h2 class=\"wp-block-heading\">Co to jest norma prawna?&nbsp;<\/h2>\n\n\n\n<p class=\"wp-block-paragraph\"><strong>Norma prawna to regu\u0142a post\u0119powania wywodzona z przepis\u00f3w prawa, kt\u00f3ra wskazuje spos\u00f3b zachowania w okre\u015blonych okoliczno\u015bciach<\/strong>. Dr Kamil St\u0119pniak wyja\u015bni\u0142 to poj\u0119cie na przyk\u0142adzie dotycz\u0105cym umycia r\u0105k przed kolacj\u0105.<\/p>\n\n\n\n<p class=\"wp-block-paragraph\">Prelegent odwo\u0142a\u0142 si\u0119 r\u00f3wnie\u017c do koncepcji Ronalda Dworkina, aby <strong>pokaza\u0107 r\u00f3\u017cnic\u0119 mi\u0119dzy norm\u0105 a zasad\u0105 prawn\u0105:<\/strong><\/p>\n\n\n\n<ul class=\"wp-block-list\">\n<li><strong>norma<\/strong> \u2013 mo\u017ce zosta\u0107 spe\u0142niona albo niespe\u0142niona;<\/li>\n\n\n\n<li><strong>zasada<\/strong> \u2013 mo\u017ce by\u0107 realizowana w r\u00f3\u017cnym stopniu i wp\u0142ywa na spos\u00f3b funkcjonowania systemu prawnego.<\/li>\n<\/ul>\n\n\n\n<p class=\"wp-block-paragraph\">To rozr\u00f3\u017cnienie prowadzi\u0142o do g\u0142\u00f3wnego tematu prelekcji. <strong>Dr Kamil St\u0119pniak przedstawi\u0142 godno\u015b\u0107 cz\u0142owieka jako zasad\u0119 o fundamentalnym znaczeniu dla praw i wolno\u015bci cz\u0142owieka<\/strong>.<\/p>\n\n\n\n<h3 class=\"wp-block-heading\">Hipoteza, dyspozycja, sankcja \u2013 przyk\u0142ady trzech element\u00f3w normy<\/h3>\n\n\n\n<p class=\"wp-block-paragraph\"><strong>Hipoteza, dyspozycja i sankcja to trzy elementy budowy normy prawnej<\/strong>. Aby \u0142atwiej zrozumie\u0107 ich znaczenie, mo\u017cna przypisa\u0107 im konkretne pytania:<\/p>\n\n\n\n<ul class=\"wp-block-list\">\n<li><strong>Hipoteza \u2013 kiedy?<\/strong> Okre\u015bla sytuacj\u0119, w kt\u00f3rej norma ma zastosowanie.<\/li>\n\n\n\n<li><strong>Dyspozycja \u2013 jak nale\u017cy si\u0119 zachowa\u0107?<\/strong> Wskazuje wymagany spos\u00f3b post\u0119powania.<\/li>\n\n\n\n<li><strong>Sankcja \u2013 co si\u0119 stanie w przypadku naruszenia normy?<\/strong> Okre\u015bla konsekwencje niezastosowania si\u0119 do niej.<\/li>\n<\/ul>\n\n\n\n<p class=\"wp-block-paragraph\"><strong>Dr Kamil St\u0119pniak wyja\u015bni\u0142 ten schemat na przyk\u0142adzie relacji mi\u0119dzy dwiema osobami.<\/strong> Konkretna sytuacja odpowiada\u0142a hipotezie, oczekiwane zachowanie \u2013 dyspozycji, a konsekwencja niezastosowania si\u0119 do normy \u2013 sankcji.<\/p>\n\n\n\n<figure class=\"wp-block-image size-large\"><img loading=\"lazy\" decoding=\"async\" width=\"1024\" height=\"536\" src=\"https:\/\/wskz.pl\/aktualnosci\/wp-content\/uploads\/2026\/05\/tedx-wskz-1024x536.jpg\" alt=\"TEDx WSKZ\" class=\"wp-image-3410\" srcset=\"https:\/\/wskz.pl\/aktualnosci\/wp-content\/uploads\/2026\/05\/tedx-wskz-1024x536.jpg 1024w, https:\/\/wskz.pl\/aktualnosci\/wp-content\/uploads\/2026\/05\/tedx-wskz-300x157.jpg 300w, https:\/\/wskz.pl\/aktualnosci\/wp-content\/uploads\/2026\/05\/tedx-wskz-768x402.jpg 768w, https:\/\/wskz.pl\/aktualnosci\/wp-content\/uploads\/2026\/05\/tedx-wskz-512x268.jpg 512w, https:\/\/wskz.pl\/aktualnosci\/wp-content\/uploads\/2026\/05\/tedx-wskz-920x481.jpg 920w, https:\/\/wskz.pl\/aktualnosci\/wp-content\/uploads\/2026\/05\/tedx-wskz.jpg 1200w\" sizes=\"auto, (max-width: 1024px) 100vw, 1024px\" \/><\/figure>\n\n\n\n<h2 class=\"wp-block-heading\">Godno\u015b\u0107 osobowa a osobista \u2013 na czym polega r\u00f3\u017cnica?<\/h2>\n\n\n\n<p class=\"wp-block-paragraph\"><strong>Godno\u015b\u0107 osobowa przys\u0142uguje ka\u017cdemu cz\u0142owiekowi, natomiast godno\u015b\u0107 osobista odnosi si\u0119 m.in. do poczucia w\u0142asnej warto\u015bci<\/strong> i sposobu, w jaki dana osoba jest postrzegana przez innych.<\/p>\n\n\n\n<p class=\"wp-block-paragraph\">Dr Kamil St\u0119pniak wyja\u015bni\u0142 t\u0119 r\u00f3\u017cnic\u0119, odwo\u0142uj\u0105c si\u0119 do sytuacji z w\u0142asnego \u017cycia. Pokaza\u0142, \u017ce cz\u0142owiek mo\u017ce odczu\u0107 naruszenie godno\u015bci osobistej. Nie traci przez to godno\u015bci osobowej, poniewa\u017c <strong>jest ona zwi\u0105zana z samym faktem bycia cz\u0142owiekiem i przys\u0142uguje mu niezale\u017cnie od \u017cyciowych okoliczno\u015bci<\/strong>.&nbsp;<\/p>\n\n\n\n<h2 class=\"wp-block-heading\">Jakie ciekawostki prawne przywo\u0142a\u0142 dr Kamil St\u0119pniak?&nbsp;<\/h2>\n\n\n\n<p class=\"wp-block-paragraph\">Dr Kamil St\u0119pniak przywo\u0142a\u0142 <strong>ciekawostki prawne dotycz\u0105ce m.in. budowy Konstytucji, j\u0119zyka przepis\u00f3w oraz nietypowej sprawy rozpatrywanej przez brytyjski s\u0105d<\/strong>. Wykorzysta\u0142 je, aby przybli\u017cy\u0107 omawiane zagadnienia na konkretnych przyk\u0142adach.&nbsp;<\/p>\n\n\n\n<p class=\"wp-block-paragraph\"><strong>W\u015br\u00f3d przyk\u0142ad\u00f3w przywo\u0142anych przez dr. Kamila St\u0119pniaka podczas wyst\u0105pienia znalaz\u0142y si\u0119:<\/strong><\/p>\n\n\n\n<ul class=\"wp-block-list\">\n<li><strong>\u201eparagraf\u201d w tytule wyst\u0105pienia<\/strong> \u2013 cho\u0107 podstawow\u0105 jednostk\u0105 redakcyjn\u0105 Konstytucji jest artyku\u0142;<\/li>\n\n\n\n<li><strong>sprawa rozpatrywana przez brytyjski s\u0105d<\/strong> \u2013 wykorzystana do rozwa\u017ca\u0144 na temat praw cz\u0142owieka i godno\u015bci;<\/li>\n\n\n\n<li><strong>art. 89 Kodeksu cywilnego<\/strong> \u2013 przywo\u0142any jako przyk\u0142ad specyfiki j\u0119zyka prawnego.<\/li>\n<\/ul>\n\n\n\n<h2 class=\"wp-block-heading\">Co warto zapami\u0119ta\u0107 z wyst\u0105pienia dr. Kamila St\u0119pniaka?<\/h2>\n\n\n\n<p class=\"wp-block-paragraph\">Z wyst\u0105pienia <strong>warto zapami\u0119ta\u0107 przede wszystkim, \u017ce godno\u015b\u0107 przys\u0142uguje ka\u017cdemu cz\u0142owiekowi \u2013 niezale\u017cnie od jego sytuacji, wybor\u00f3w czy osi\u0105gni\u0119\u0107<\/strong>. Dr Kamil St\u0119pniak podkre\u015bli\u0142 t\u0119 my\u015bl w zako\u0144czeniu prelekcji:<\/p>\n\n\n\n<p class=\"wp-block-paragraph\"><em>Godno\u015b\u0107 jest o ka\u017cdym z was. Godno\u015b\u0107 jest o cz\u0142owieku.<\/em><\/p>\n\n\n\n<p class=\"wp-block-paragraph\">Prelegent odni\u00f3s\u0142 te s\u0142owa r\u00f3wnie\u017c do os\u00f3b zagubionych, przestraszonych lub znajduj\u0105cych si\u0119 w trudnej sytuacji. <strong>Pokaza\u0142 w ten spos\u00f3b, \u017ce na godno\u015b\u0107 nie trzeba zas\u0142ugiwa\u0107 \u2013 jest ona nierozerwalnie zwi\u0105zana z ka\u017cdym cz\u0142owiekiem<\/strong>.<\/p>\n\n\n\n<h3 class=\"wp-block-heading\"><strong>Zobacz prelekcj\u0119 dr. Kamila St\u0119pniaka na TEDx WSKZ<\/strong><\/h3>\n\n\n\n<p class=\"wp-block-paragraph\">W wyst\u0105pieniu dr Kamil St\u0119pniak <strong>\u0142\u0105czy temat godno\u015bci cz\u0142owieka z podstawowymi zagadnieniami prawnymi i przyk\u0142adami z codziennego \u017cycia<\/strong>. Przybli\u017ca m.in. znaczenie Konstytucji, norm prawnych oraz zasad, na kt\u00f3rych opiera si\u0119 system prawa. Obejrzyj jego wyst\u0105pienie na <a href=\"https:\/\/www.youtube.com\/watch?v=kO1faTIA7l0\" rel=\"nofollow noopener\" target=\"_blank\">TEDx WSKZ<\/a> i poznaj przedstawione przez niego spojrzenie na prawo i godno\u015b\u0107 cz\u0142owieka.<\/p>\n\n\n\n<h2 class=\"wp-block-heading\">FAQ<\/h2>\n\n\n\n<h3 class=\"wp-block-heading\">Jakie s\u0105 \u017ar\u00f3d\u0142a prawa w Polsce?<\/h3>\n\n\n\n<p class=\"wp-block-paragraph\">Do \u017ar\u00f3de\u0142 prawa w Polsce nale\u017c\u0105 m.in. Konstytucja, ustawy, ratyfikowane umowy mi\u0119dzynarodowe oraz rozporz\u0105dzenia. Szczeg\u00f3lne miejsce w hierarchii akt\u00f3w prawnych zajmuje Konstytucja.<\/p>\n\n\n\n<h3 class=\"wp-block-heading\">Co to jest norma prawna?<\/h3>\n\n\n\n<p class=\"wp-block-paragraph\">Norma prawna to regu\u0142a post\u0119powania wywodzona z przepis\u00f3w prawa, kt\u00f3ra wskazuje spos\u00f3b zachowania w okre\u015blonych okoliczno\u015bciach. Mo\u017ce okre\u015bla\u0107 wymagane zachowanie oraz konsekwencje zwi\u0105zane z naruszeniem danej regu\u0142y.&nbsp;<\/p>\n\n\n\n<h3 class=\"wp-block-heading\">Czym s\u0105 hipoteza, dyspozycja i sankcja?<\/h3>\n\n\n\n<p class=\"wp-block-paragraph\">Hipoteza, dyspozycja i sankcja to trzy elementy budowy normy prawnej. Hipoteza okre\u015bla sytuacj\u0119, w kt\u00f3rej norma ma zastosowanie, dyspozycja wskazuje wymagane zachowanie, a sankcja \u2013 konsekwencje naruszenia normy.<\/p>\n\n\n\n<h3 class=\"wp-block-heading\">Jakie znaczenie ma godno\u015b\u0107 cz\u0142owieka w Konstytucji?<\/h3>\n\n\n\n<p class=\"wp-block-paragraph\">Godno\u015b\u0107 cz\u0142owieka jest przyrodzona i niezbywalna oraz stanowi \u017ar\u00f3d\u0142o wolno\u015bci i praw cz\u0142owieka. Jej poszanowanie i ochrona s\u0105 obowi\u0105zkiem w\u0142adz publicznych.<\/p>\n\n\n\n<p class=\"wp-block-paragraph\">.<\/p>\n","protected":false},"excerpt":{"rendered":"Dlaczego godno\u015b\u0107 jest jednym z najwa\u017cniejszych poj\u0119\u0107 w prawie? Ma ona charakter przyrodzony i niezbywalny oraz stanowi \u017ar\u00f3d\u0142o&hellip;","protected":false},"author":25,"featured_media":4588,"comment_status":"closed","ping_status":"closed","sticky":false,"template":"","format":"standard","meta":{"_acf_changed":false,"_lmt_disableupdate":"","_lmt_disable":"","_themeisle_gutenberg_block_has_review":false,"csco_display_header_overlay":false,"csco_singular_sidebar":"","csco_page_header_type":"","footnotes":""},"categories":[3],"tags":[],"class_list":["post-4587","post","type-post","status-publish","format-standard","has-post-thumbnail","category-aktualnosci","cs-entry"],"acf":[],"modified_by":"Joanna Grabowska","_links":{"self":[{"href":"https:\/\/wskz.pl\/aktualnosci\/wp-json\/wp\/v2\/posts\/4587","targetHints":{"allow":["GET"]}}],"collection":[{"href":"https:\/\/wskz.pl\/aktualnosci\/wp-json\/wp\/v2\/posts"}],"about":[{"href":"https:\/\/wskz.pl\/aktualnosci\/wp-json\/wp\/v2\/types\/post"}],"author":[{"embeddable":true,"href":"https:\/\/wskz.pl\/aktualnosci\/wp-json\/wp\/v2\/users\/25"}],"replies":[{"embeddable":true,"href":"https:\/\/wskz.pl\/aktualnosci\/wp-json\/wp\/v2\/comments?post=4587"}],"version-history":[{"count":2,"href":"https:\/\/wskz.pl\/aktualnosci\/wp-json\/wp\/v2\/posts\/4587\/revisions"}],"predecessor-version":[{"id":4590,"href":"https:\/\/wskz.pl\/aktualnosci\/wp-json\/wp\/v2\/posts\/4587\/revisions\/4590"}],"wp:featuredmedia":[{"embeddable":true,"href":"https:\/\/wskz.pl\/aktualnosci\/wp-json\/wp\/v2\/media\/4588"}],"wp:attachment":[{"href":"https:\/\/wskz.pl\/aktualnosci\/wp-json\/wp\/v2\/media?parent=4587"}],"wp:term":[{"taxonomy":"category","embeddable":true,"href":"https:\/\/wskz.pl\/aktualnosci\/wp-json\/wp\/v2\/categories?post=4587"},{"taxonomy":"post_tag","embeddable":true,"href":"https:\/\/wskz.pl\/aktualnosci\/wp-json\/wp\/v2\/tags?post=4587"}],"curies":[{"name":"wp","href":"https:\/\/api.w.org\/{rel}","templated":true}]}}