{"id":4591,"date":"2026-08-28T11:05:15","date_gmt":"2026-08-28T09:05:15","guid":{"rendered":"https:\/\/wskz.pl\/aktualnosci\/?p=4591"},"modified":"2026-08-28T11:05:16","modified_gmt":"2026-08-28T09:05:16","slug":"marcin-matych-o-leku-i-sztucznej-inteligencji-wystapienie-na-tedx-wskz","status":"publish","type":"post","link":"https:\/\/wskz.pl\/aktualnosci\/marcin-matych-o-leku-i-sztucznej-inteligencji-wystapienie-na-tedx-wskz\/","title":{"rendered":"Marcin Matych o l\u0119ku i sztucznej inteligencji \u2013 wyst\u0105pienie na TEDx WSKZ"},"content":{"rendered":"\n<p class=\"wp-block-paragraph\">Jak radzi\u0107 sobie z l\u0119kiem, gdy coraz cz\u0119\u015bciej spotykamy si\u0119 ze sztuczn\u0105 inteligencj\u0105? <strong>Marcin Matych podczas TEDx WSKZ zwr\u00f3ci\u0142 uwag\u0119 na to, aby obserwowa\u0107 sygna\u0142y p\u0142yn\u0105ce z cia\u0142a, traktowa\u0107 l\u0119k jako komunikat i kierowa\u0107 si\u0119 w stron\u0119 zaciekawienia.<\/strong> W swojej prelekcji po\u0142\u0105czy\u0142 temat emocji z j\u0119zykiem, reakcjami organizmu oraz rozwojem AI. Poznaj najwa\u017cniejsze w\u0105tki jego wyst\u0105pienia.&nbsp;<\/p>\n\n\n\n<h2 class=\"wp-block-heading\">Jak Marcin Matych po\u0142\u0105czy\u0142 temat l\u0119ku ze sztuczn\u0105 inteligencj\u0105?<\/h2>\n\n\n\n<p class=\"wp-block-paragraph\">Marcin Matych, znany jako Dr Nerwica, <strong>przedstawi\u0142 l\u0119k i kontakt ze sztuczn\u0105 inteligencj\u0105 przez pryzmat wzajemnego oddzia\u0142ywania cia\u0142a, umys\u0142u i j\u0119zyka<\/strong>. Zwr\u00f3ci\u0142 uwag\u0119 na to, \u017ce informacje docieraj\u0105ce do cz\u0142owieka mog\u0105 wp\u0142ywa\u0107 na spos\u00f3b interpretowania rzeczywisto\u015bci, a w konsekwencji tak\u017ce na emocje i reakcje organizmu.<\/p>\n\n\n\n<p class=\"wp-block-paragraph\">Punktem wyj\u015bcia do tych rozwa\u017ca\u0144 by\u0142a historia z czas\u00f3w studi\u00f3w medycznych. Spotkanie z dzieckiem, kt\u00f3re urodzi\u0142o si\u0119 niewidz\u0105ce i nies\u0142ysz\u0105ce, <strong>sk\u0142oni\u0142o prelegenta do refleksji nad rol\u0105 j\u0119zyka w poznawaniu i opisywaniu \u015bwiata<\/strong>.<\/p>\n\n\n\n<h2 class=\"wp-block-heading\">Jak radzi\u0107 sobie z l\u0119kiem wed\u0142ug Marcina Matycha?<\/h2>\n\n\n\n<p class=\"wp-block-paragraph\">Wed\u0142ug Marcina Matycha <strong>l\u0119k warto potraktowa\u0107 jako sygna\u0142, kt\u00f3remu nale\u017cy si\u0119 przyjrze\u0107 i spr\u00f3bowa\u0107 zrozumie\u0107 jego znaczenie<\/strong>. Jak podkre\u015bli\u0142 podczas wyst\u0105pienia:<\/p>\n\n\n\n<p class=\"wp-block-paragraph\"><em>Je\u017celi cia\u0142o reaguje, to znaczy, \u017ce dzieje si\u0119 co\u015b istotnego.<\/em><\/p>\n\n\n\n<p class=\"wp-block-paragraph\"><strong>Wed\u0142ug prelegenta pomocne mo\u017ce by\u0107 zwr\u00f3cenie uwagi na kilka element\u00f3w w\u0142asnej reakcji:<\/strong><\/p>\n\n\n\n<ul class=\"wp-block-list\">\n<li><strong>sygna\u0142y p\u0142yn\u0105ce z cia\u0142a<\/strong> \u2013 mog\u0105 wskazywa\u0107, \u017ce dana sytuacja jest dla nas istotna;<\/li>\n\n\n\n<li><strong>spos\u00f3b interpretowania sytuacji<\/strong> \u2013 mo\u017ce wp\u0142ywa\u0107 na odczuwane emocje;<\/li>\n\n\n\n<li><strong>docieraj\u0105ce informacje<\/strong> \u2013 warto obserwowa\u0107, jak oddzia\u0142uj\u0105 na nasze samopoczucie;<\/li>\n\n\n\n<li><strong>zaciekawienie<\/strong> \u2013 mo\u017ce pom\u00f3c spojrze\u0107 na to, co nieznane, z innej perspektywy.<\/li>\n<\/ul>\n\n\n\n<h2 class=\"wp-block-heading\">Jak somatyczne objawy l\u0119ku wi\u0105\u017c\u0105 si\u0119 z reakcj\u0105 organizmu?<\/h2>\n\n\n\n<p class=\"wp-block-paragraph\">Somatyczne objawy l\u0119ku <strong>s\u0105 reakcj\u0105 organizmu na odczuwany niepok\u00f3j i mog\u0105 sygnalizowa\u0107, \u017ce dana sytuacja jest dla cz\u0142owieka istotna<\/strong>. W uj\u0119ciu przedstawionym przez Marcina Matycha cia\u0142o reaguje w spos\u00f3b pierwotny, a umys\u0142 nast\u0119pnie interpretuje te sygna\u0142y m.in. za pomoc\u0105 j\u0119zyka.<\/p>\n\n\n\n<p class=\"wp-block-paragraph\"><strong>Prelegent zwraca\u0142 uwag\u0119 na potrzeb\u0119 obserwowania reakcji cia\u0142a pojawiaj\u0105cych si\u0119 pod wp\u0142ywem my\u015bli, s\u0142\u00f3w i otrzymywanych informacji.<\/strong> Pozwala to zauwa\u017cy\u0107 reakcj\u0119 organizmu i przyjrze\u0107 si\u0119 temu, jakie znaczenie nadaje jej umys\u0142.<\/p>\n\n\n\n<figure class=\"wp-block-image size-large\"><img loading=\"lazy\" decoding=\"async\" width=\"1024\" height=\"536\" src=\"https:\/\/wskz.pl\/aktualnosci\/wp-content\/uploads\/2026\/05\/tedx-wskz-1024x536.jpg\" alt=\"TEDx WSKZ\" class=\"wp-image-3410\" srcset=\"https:\/\/wskz.pl\/aktualnosci\/wp-content\/uploads\/2026\/05\/tedx-wskz-1024x536.jpg 1024w, https:\/\/wskz.pl\/aktualnosci\/wp-content\/uploads\/2026\/05\/tedx-wskz-300x157.jpg 300w, https:\/\/wskz.pl\/aktualnosci\/wp-content\/uploads\/2026\/05\/tedx-wskz-768x402.jpg 768w, https:\/\/wskz.pl\/aktualnosci\/wp-content\/uploads\/2026\/05\/tedx-wskz-512x268.jpg 512w, https:\/\/wskz.pl\/aktualnosci\/wp-content\/uploads\/2026\/05\/tedx-wskz-920x481.jpg 920w, https:\/\/wskz.pl\/aktualnosci\/wp-content\/uploads\/2026\/05\/tedx-wskz.jpg 1200w\" sizes=\"auto, (max-width: 1024px) 100vw, 1024px\" \/><\/figure>\n\n\n\n<h2 class=\"wp-block-heading\">Psychologia sztucznej inteligencji \u2013 co ma wsp\u00f3lnego z emocjami cz\u0142owieka?<\/h2>\n\n\n\n<p class=\"wp-block-paragraph\">Psychologia sztucznej inteligencji <strong>wi\u0105\u017ce si\u0119 z emocjami cz\u0142owieka m.in. poprzez reakcje, jakie mog\u0105 wywo\u0142ywa\u0107 tre\u015bci generowane przez AI<\/strong>. Marcin Matych zwr\u00f3ci\u0142 uwag\u0119, \u017ce odpowiedzi sztucznej inteligencji mog\u0105 wp\u0142ywa\u0107 zar\u00f3wno na odczucia, jak i reakcje organizmu.<\/p>\n\n\n\n<p class=\"wp-block-paragraph\">Stwierdzenie prelegenta, \u017ce AI mo\u017ce \u201emie\u0107 nasze emocje\u201d, nie oznacza, \u017ce sztuczna inteligencja odczuwa je tak jak cz\u0142owiek. <strong>Chodzi o emocjonalne reakcje cz\u0142owieka na tre\u015bci otrzymywane od AI.<\/strong><\/p>\n\n\n\n<p class=\"wp-block-paragraph\">Aby wyja\u015bni\u0107 <strong>zale\u017cno\u015b\u0107 mi\u0119dzy sztuczn\u0105 inteligencj\u0105 a reakcjami cz\u0142owieka<\/strong>, Marcin Matych wskaza\u0142 trzy elementy:<\/p>\n\n\n\n<ul class=\"wp-block-list\">\n<li><strong>cia\u0142o<\/strong> \u2013 reaguje na pojawiaj\u0105ce si\u0119 bod\u017ace;<\/li>\n\n\n\n<li><strong>umys\u0142<\/strong> \u2013 interpretuje do\u015bwiadczenia i nadaje im znaczenie za pomoc\u0105 j\u0119zyka;<\/li>\n\n\n\n<li><strong>\u201eumys\u0142 spo\u0142eczny AI\u201d<\/strong> \u2013 dostarcza tre\u015bci, kt\u00f3re cz\u0142owiek odbiera i interpretuje.<\/li>\n<\/ul>\n\n\n\n<h2 class=\"wp-block-heading\">Jaki wniosek p\u0142ynie z wyst\u0105pienia Marcina Matycha?<\/h2>\n\n\n\n<p class=\"wp-block-paragraph\">Jednym z najwa\u017cniejszych wniosk\u00f3w z wyst\u0105pienia Marcina Matycha jest <strong>zach\u0119ta, aby w obliczu tego, co nowe i nieznane, przesuwa\u0107 uwag\u0119 od l\u0119ku w stron\u0119 zaciekawienia<\/strong>.&nbsp;<\/p>\n\n\n\n<p class=\"wp-block-paragraph\">W zako\u0144czeniu prelegent uj\u0105\u0142 t\u0119 my\u015bl nast\u0119puj\u0105co:&nbsp;<\/p>\n\n\n\n<p class=\"wp-block-paragraph\"><em>B\u0105d\u017amy pomi\u0119dzy zaciekawianiem si\u0119 a l\u0119kiem. W stron\u0119 zaciekawiania si\u0119 z obserwacj\u0105 cia\u0142a.<\/em><\/p>\n\n\n\n<h3 class=\"wp-block-heading\">Zobacz prelekcj\u0119 Marcina Matycha na TEDx WSKZ<\/h3>\n\n\n\n<p class=\"wp-block-paragraph\">W swoim wyst\u0105pieniu Dr Nerwica <strong>przedstawia w\u0142asne spojrzenie na l\u0119k, reakcje cia\u0142a i kontakt cz\u0142owieka ze sztuczn\u0105 inteligencj\u0105<\/strong>. Zwraca r\u00f3wnie\u017c uwag\u0119 na znaczenie zaciekawienia i obserwowania sygna\u0142\u00f3w p\u0142yn\u0105cych z cia\u0142a. Obejrzyj wyst\u0105pienie Marcina Matycha na <a href=\"https:\/\/www.youtube.com\/watch?v=GReS42hTeKI\" rel=\"nofollow noopener\" target=\"_blank\">TEDx WSKZ<\/a> i poznaj najwa\u017cniejsze wnioski z jego prelekcji.<\/p>\n\n\n\n<h2 class=\"wp-block-heading\">FAQ<\/h2>\n\n\n\n<h3 class=\"wp-block-heading\">Jak radzi\u0107 sobie z l\u0119kiem wed\u0142ug Marcina Matycha?<\/h3>\n\n\n\n<p class=\"wp-block-paragraph\">Marcin Matych wskazuje, \u017ce warto obserwowa\u0107 sygna\u0142y p\u0142yn\u0105ce z cia\u0142a, rozpoznawa\u0107 \u017ar\u00f3d\u0142o niepokoju i traktowa\u0107 l\u0119k jako komunikat. Zach\u0119ca r\u00f3wnie\u017c do kierowania si\u0119 w stron\u0119 zaciekawienia zamiast pozostawania wy\u0142\u0105cznie w l\u0119ku.<\/p>\n\n\n\n<h3 class=\"wp-block-heading\">Czym s\u0105 somatyczne objawy l\u0119ku?<\/h3>\n\n\n\n<p class=\"wp-block-paragraph\">Somatyczne objawy l\u0119ku to reakcje organizmu pojawiaj\u0105ce si\u0119 w zwi\u0105zku z odczuwanym niepokojem. Marcin Matych zwraca uwag\u0119 na ich obserwowanie i przygl\u0105danie si\u0119 temu, jakie znaczenie nadaje im umys\u0142.<\/p>\n\n\n\n<h3 class=\"wp-block-heading\">Czym jest psychologia sztucznej inteligencji?<\/h3>\n\n\n\n<p class=\"wp-block-paragraph\">Psychologia sztucznej inteligencji mo\u017ce obejmowa\u0107 m.in. analiz\u0119 tego, jak cz\u0142owiek reaguje na AI i generowane przez ni\u0105 tre\u015bci. W uj\u0119ciu przedstawionym przez Marcina Matycha istotne s\u0105 emocje oraz reakcje organizmu pojawiaj\u0105ce si\u0119 podczas tej interakcji.&nbsp;<\/p>\n\n\n\n<h3 class=\"wp-block-heading\">Gdzie obejrze\u0107 wyst\u0105pienie Marcina Matycha na TEDx WSKZ?<\/h3>\n\n\n\n<p class=\"wp-block-paragraph\">Wyst\u0105pienie Marcina Matycha mo\u017cesz obejrze\u0107 na kanale TEDx WSKZ w serwisie YouTube. Prelekcja po\u015bwi\u0119cona jest l\u0119kowi, reakcjom organizmu oraz relacji cz\u0142owieka ze sztuczn\u0105 inteligencj\u0105.<\/p>\n","protected":false},"excerpt":{"rendered":"Jak radzi\u0107 sobie z l\u0119kiem, gdy coraz cz\u0119\u015bciej spotykamy si\u0119 ze sztuczn\u0105 inteligencj\u0105? Marcin Matych podczas TEDx WSKZ&hellip;","protected":false},"author":25,"featured_media":4593,"comment_status":"closed","ping_status":"closed","sticky":false,"template":"","format":"standard","meta":{"_acf_changed":false,"_lmt_disableupdate":"","_lmt_disable":"","_themeisle_gutenberg_block_has_review":false,"csco_display_header_overlay":false,"csco_singular_sidebar":"","csco_page_header_type":"","footnotes":""},"categories":[3],"tags":[],"class_list":["post-4591","post","type-post","status-publish","format-standard","has-post-thumbnail","category-aktualnosci","cs-entry"],"acf":[],"modified_by":"Joanna Grabowska","_links":{"self":[{"href":"https:\/\/wskz.pl\/aktualnosci\/wp-json\/wp\/v2\/posts\/4591","targetHints":{"allow":["GET"]}}],"collection":[{"href":"https:\/\/wskz.pl\/aktualnosci\/wp-json\/wp\/v2\/posts"}],"about":[{"href":"https:\/\/wskz.pl\/aktualnosci\/wp-json\/wp\/v2\/types\/post"}],"author":[{"embeddable":true,"href":"https:\/\/wskz.pl\/aktualnosci\/wp-json\/wp\/v2\/users\/25"}],"replies":[{"embeddable":true,"href":"https:\/\/wskz.pl\/aktualnosci\/wp-json\/wp\/v2\/comments?post=4591"}],"version-history":[{"count":2,"href":"https:\/\/wskz.pl\/aktualnosci\/wp-json\/wp\/v2\/posts\/4591\/revisions"}],"predecessor-version":[{"id":4595,"href":"https:\/\/wskz.pl\/aktualnosci\/wp-json\/wp\/v2\/posts\/4591\/revisions\/4595"}],"wp:featuredmedia":[{"embeddable":true,"href":"https:\/\/wskz.pl\/aktualnosci\/wp-json\/wp\/v2\/media\/4593"}],"wp:attachment":[{"href":"https:\/\/wskz.pl\/aktualnosci\/wp-json\/wp\/v2\/media?parent=4591"}],"wp:term":[{"taxonomy":"category","embeddable":true,"href":"https:\/\/wskz.pl\/aktualnosci\/wp-json\/wp\/v2\/categories?post=4591"},{"taxonomy":"post_tag","embeddable":true,"href":"https:\/\/wskz.pl\/aktualnosci\/wp-json\/wp\/v2\/tags?post=4591"}],"curies":[{"name":"wp","href":"https:\/\/api.w.org\/{rel}","templated":true}]}}