{"id":4592,"date":"2026-08-28T11:07:54","date_gmt":"2026-08-28T09:07:54","guid":{"rendered":"https:\/\/wskz.pl\/aktualnosci\/?p=4592"},"modified":"2026-08-28T11:07:55","modified_gmt":"2026-08-28T09:07:55","slug":"od-psychologii-sadowej-po-prace-z-osobami-w-kryzysie-czym-zajmuje-sie-mgr-marta-swiatek-prycik","status":"publish","type":"post","link":"https:\/\/wskz.pl\/aktualnosci\/od-psychologii-sadowej-po-prace-z-osobami-w-kryzysie-czym-zajmuje-sie-mgr-marta-swiatek-prycik\/","title":{"rendered":"Od psychologii s\u0105dowej po prac\u0119 z osobami w kryzysie \u2013 czym zajmuje si\u0119 mgr Marta \u015awi\u0105tek-Prycik?"},"content":{"rendered":"\n<p class=\"wp-block-paragraph\">Kim jest mgr Marta \u015awi\u0105tek-Prycik? To wyk\u0142adowczyni WSKZ, kt\u00f3ra na co dzie\u0144 <strong>\u0142\u0105czy do\u015bwiadczenie psycholo\u017cki, terapeutki i nauczycielki akademickiej z dzia\u0142alno\u015bci\u0105 w obszarze psychologii s\u0105dowej, diagnozy oraz wsparcia dzieci i m\u0142odzie\u017cy.<\/strong> Poznaj ekspertk\u0119 i sprawd\u017a, jakie do\u015bwiadczenie wnosi do pracy ze studentami.<\/p>\n\n\n\n<h2 class=\"wp-block-heading\">Kim jest mgr Marta \u015awi\u0105tek-Prycik?<\/h2>\n\n\n\n<p class=\"wp-block-paragraph\">Mgr Marta \u015awi\u0105tek-Prycik jest <strong>psycholo\u017ck\u0105, terapeutk\u0105, nauczycielk\u0105 akademick\u0105 oraz praktyczk\u0105 w obszarze psychologii s\u0105dowej i pracy z osobami znajduj\u0105cymi si\u0119 w sytuacjach kryzysowych.<\/strong> Uko\u0144czy\u0142a studia magisterskie z psychologii na Uniwersytecie Wroc\u0142awskim.<\/p>\n\n\n\n<p class=\"wp-block-paragraph\">W swojej dzia\u0142alno\u015bci zawodowej mgr Marta \u015awi\u0105tek-Prycik \u0142\u0105czy kilka obszar\u00f3w psychologii. Jej zainteresowania obejmuj\u0105 przede wszystkim:<\/p>\n\n\n\n<ul class=\"wp-block-list\">\n<li>psychologi\u0119 s\u0105dow\u0105;<\/li>\n\n\n\n<li>psychologi\u0119 emocji;<\/li>\n\n\n\n<li>diagnoz\u0119 psychologiczn\u0105;<\/li>\n\n\n\n<li>psychologi\u0119 sytuacji kryzysowych;<\/li>\n\n\n\n<li>funkcjonowanie dzieci i m\u0142odzie\u017cy;<\/li>\n\n\n\n<li>negocjacje i mediacje;<\/li>\n\n\n\n<li>komunikacj\u0119.<\/li>\n<\/ul>\n\n\n\n<h2 class=\"wp-block-heading\">Jakie do\u015bwiadczenie zawodowe posiada mgr Marta \u015awi\u0105tek-Prycik?<\/h2>\n\n\n\n<p class=\"wp-block-paragraph\">Mgr Marta \u015awi\u0105tek-Prycik posiada wieloletnie do\u015bwiadczenie w pracy klinicznej i instytucjonalnej. Od wielu lat <strong>pracuje jako psycholog szkolny, prowadz\u0105c diagnoz\u0119 i wsparcie psychologiczne dzieci oraz wsp\u00f3\u0142pracuj\u0105c z nauczycielami i rodzicami.<\/strong> R\u00f3wnolegle pe\u0142ni funkcj\u0119 bieg\u0142ego s\u0105dowego, przygotowuj\u0105c opinie psychologiczne na potrzeby post\u0119powa\u0144 s\u0105dowych. Wsp\u00f3\u0142pracuje r\u00f3wnie\u017c z instytucjami pomocy spo\u0142ecznej i organizacjami pozarz\u0105dowymi, udzielaj\u0105c wsparcia osobom w kryzysie, w tym do\u015bwiadczaj\u0105cym przemocy.<\/p>\n\n\n\n<h2 class=\"wp-block-heading\">Jakie zaj\u0119cia prowadzi mgr Marta \u015awi\u0105tek-Prycik?<\/h2>\n\n\n\n<p class=\"wp-block-paragraph\">Dzia\u0142alno\u015b\u0107 dydaktyczna ekspertki obejmuje zagadnienia bezpo\u015brednio zwi\u0105zane z jej do\u015bwiadczeniem zawodowym.&nbsp;<\/p>\n\n\n\n<p class=\"wp-block-paragraph\">Mgr Marta \u015awi\u0105tek-Prycik prowadzi dzia\u0142alno\u015b\u0107 dydaktyczn\u0105 na uczelniach wy\u017cszych, realizuj\u0105c zaj\u0119cia z zakresu:<\/p>\n\n\n\n<ul class=\"wp-block-list\">\n<li>diagnozy psychologicznej;<\/li>\n\n\n\n<li>psychologii emocji i motywacji;<\/li>\n\n\n\n<li>psychologii sytuacji kryzysowych.\u00a0<\/li>\n<\/ul>\n\n\n\n<p class=\"wp-block-paragraph\">W pracy dydaktycznej koncentruje si\u0119 na <strong>praktycznym zastosowaniu wiedz psychologicznej.<\/strong> Dzi\u0119ki temu podczas zaj\u0119\u0107 mo\u017ce odwo\u0142ywa\u0107 si\u0119 do wiedzy zdobywanej w r\u00f3\u017cnych \u015brodowiskach zawodowych \u2013 <strong>od szko\u0142y i instytucji pomocowych po wymiar sprawiedliwo\u015bci.<\/strong><\/p>\n\n\n\n<h2 class=\"wp-block-heading\">W jaki spos\u00f3b dzia\u0142alno\u015b\u0107 wyk\u0142adowczyni wp\u0142ywa na rozw\u00f3j student\u00f3w naszej Uczelni?<\/h2>\n\n\n\n<p class=\"wp-block-paragraph\">Do\u015bwiadczenie mgr Marty \u015awi\u0105tek-Prycik pozwala studentom <strong>poznawa\u0107 psychologi\u0119 z perspektywy wielu obszar\u00f3w jej zastosowania \u2013 od diagnozy i pomocy psychologicznej po edukacj\u0119, psychologi\u0119 s\u0105dow\u0105 oraz mediacje.<\/strong> Dzi\u0119ki temu omawiane zagadnienia mog\u0105 by\u0107 osadzane w r\u00f3\u017cnych kontekstach zawodowych i spo\u0142ecznych.<\/p>\n\n\n\n<p class=\"wp-block-paragraph\">Szeroki zakres aktywno\u015bci mgr Marty \u015awi\u0105tek-Prycik umo\u017cliwia studentom m.in.:<\/p>\n\n\n\n<ul class=\"wp-block-list\">\n<li><strong>pog\u0142\u0119bianie wiedzy z zakresu psychologii emocji i diagnozy<\/strong> z uwzgl\u0119dnieniem specyfiki funkcjonowania dzieci, m\u0142odzie\u017cy oraz os\u00f3b znajduj\u0105cych si\u0119 w sytuacjach kryzysowych;<\/li>\n\n\n\n<li><strong>poznawanie zagadnie\u0144 psychologii s\u0105dowej<\/strong> oraz roli specjalisty w tym obszarze;<\/li>\n\n\n\n<li><strong>rozwijanie kompetencji zwi\u0105zanych z komunikacj\u0105, negocjacjami i mediacjami<\/strong>, istotnych m.in. podczas rozwi\u0105zywania konflikt\u00f3w;<\/li>\n\n\n\n<li><strong>dostrzeganie szerokiego zastosowania psychologii<\/strong> w \u015brodowisku edukacyjnym, pomocowym i s\u0105dowym.<\/li>\n<\/ul>\n\n\n\n<p class=\"wp-block-paragraph\">Tak r\u00f3\u017cnorodna aktywno\u015b\u0107 zawodowa mgr Marty \u015awi\u0105tek-Prycik mo\u017ce stanowi\u0107 <strong>cenne \u017ar\u00f3d\u0142o wiedzy dla student\u00f3w zainteresowanych psychologi\u0105 s\u0105dow\u0105, diagnoz\u0105, pomoc\u0105 psychologiczn\u0105, edukacj\u0105 oraz obszarami zwi\u0105zanymi z komunikacj\u0105 i mediacj\u0105.<\/strong><\/p>\n\n\n\n<h2 class=\"wp-block-heading\">Dlaczego warto odda\u0107 g\u0142os na mgr Mart\u0119 \u015awi\u0105tek-Prycik w plebiscycie na najlepszego wyk\u0142adowc\u0119?<\/h2>\n\n\n\n<p class=\"wp-block-paragraph\">Mgr Marta \u015awi\u0105tek-Prycik <strong>\u0142\u0105czy do\u015bwiadczenie psychologiczne i terapeutyczne z dzia\u0142alno\u015bci\u0105 akademick\u0105 oraz aktywno\u015bci\u0105 w r\u00f3\u017cnych \u015brodowiskach zawodowych.<\/strong> Podczas zaj\u0119\u0107 pokazuje studentom r\u00f3\u017cnorodne perspektywy oraz mo\u017cliwo\u015bci zastosowania zdobywanych kompetencji.<\/p>\n\n\n\n<p class=\"wp-block-paragraph\">Je\u015bli cenisz <strong>zaanga\u017cowanie, spos\u00f3b prowadzenia zaj\u0119\u0107 i umiej\u0119tno\u015b\u0107 przybli\u017cania z\u0142o\u017conych zagadnie\u0144 psychologicznych ekspertki<\/strong>, mo\u017cesz wyrazi\u0107 swoje uznanie, oddaj\u0105c na ni\u0105 g\u0142os w plebiscycie <a href=\"https:\/\/wykladowcaroku.pl\/\" rel=\"nofollow noopener\" target=\"_blank\">Wyk\u0142adowca Roku 2026<\/a>. <strong>To okazja, aby doceni\u0107 jej wk\u0142ad w kszta\u0142cenie oraz wspieranie student\u00f3w naszej Uczelni na kolejnych etapach ich rozwoju.<\/strong><\/p>\n\n\n\n<h2 class=\"wp-block-heading\">FAQ<\/h2>\n\n\n\n<h3 class=\"wp-block-heading\">Kim jest mgr Marta \u015awi\u0105tek-Prycik?<\/h3>\n\n\n\n<p class=\"wp-block-paragraph\">Mgr Marta \u015awi\u0105tek-Prycik jest psycholo\u017ck\u0105, terapeutk\u0105, nauczycielk\u0105 akademick\u0105 oraz praktyczk\u0105 psychologii s\u0105dowej. Uko\u0144czy\u0142a psychologi\u0119 na Uniwersytecie Wroc\u0142awskim, a zawodowo zajmuje si\u0119 m.in. diagnoz\u0105, emocjami oraz prac\u0105 z osobami w sytuacjach kryzysowych.<\/p>\n\n\n\n<h3 class=\"wp-block-heading\">Czym zajmuje si\u0119 mgr Marta \u015awi\u0105tek-Prycik?<\/h3>\n\n\n\n<p class=\"wp-block-paragraph\">Jej dzia\u0142alno\u015b\u0107 obejmuje psychologi\u0119 s\u0105dow\u0105, diagnoz\u0119 psychologiczn\u0105, psychologi\u0119 emocji i sytuacji kryzysowych, a tak\u017ce funkcjonowanie dzieci i m\u0142odzie\u017cy. Zajmuje si\u0119 r\u00f3wnie\u017c zagadnieniami zwi\u0105zanymi z negocjacjami, mediacjami i komunikacj\u0105.<\/p>\n\n\n\n<h3 class=\"wp-block-heading\">Jakie do\u015bwiadczenie zawodowe ma mgr Marta \u015awi\u0105tek-Prycik?<\/h3>\n\n\n\n<p class=\"wp-block-paragraph\">Mgr Marta \u015awi\u0105tek-Prycik ma wieloletnie do\u015bwiadczenie w pracy klinicznej i instytucjonalnej, w tym jako psycholog szkolny i bieg\u0142y s\u0105dowy. Wsp\u00f3\u0142pracuje tak\u017ce z instytucjami pomocy spo\u0142ecznej i organizacjami pozarz\u0105dowymi, wspieraj\u0105c m.in. osoby do\u015bwiadczaj\u0105ce przemocy.<\/p>\n\n\n\n<h3 class=\"wp-block-heading\">Jakie zaj\u0119cia prowadzi mgr Marta \u015awi\u0105tek-Prycik?<\/h3>\n\n\n\n<p class=\"wp-block-paragraph\">Prowadzi zaj\u0119cia m.in. z psychologii biznesu, negocjacji i mediacji, diagnozy psychologicznej, psychologii emocji i motywacji oraz psychologii sytuacji kryzysowych. W dydaktyce wykorzystuje swoje wieloletnie do\u015bwiadczenie zawodowe, pokazuj\u0105c studentom r\u00f3\u017cne mo\u017cliwo\u015bci zastosowania wiedzy psychologicznej.<\/p>\n","protected":false},"excerpt":{"rendered":"Kim jest mgr Marta \u015awi\u0105tek-Prycik? To wyk\u0142adowczyni WSKZ, kt\u00f3ra na co dzie\u0144 \u0142\u0105czy do\u015bwiadczenie psycholo\u017cki, terapeutki i nauczycielki&hellip;","protected":false},"author":15,"featured_media":4596,"comment_status":"closed","ping_status":"closed","sticky":false,"template":"","format":"standard","meta":{"_acf_changed":false,"_lmt_disableupdate":"","_lmt_disable":"","_themeisle_gutenberg_block_has_review":false,"csco_display_header_overlay":false,"csco_singular_sidebar":"","csco_page_header_type":"","footnotes":""},"categories":[3],"tags":[],"class_list":["post-4592","post","type-post","status-publish","format-standard","has-post-thumbnail","category-aktualnosci","cs-entry"],"acf":[],"modified_by":"Karina Dycha\u0142a","_links":{"self":[{"href":"https:\/\/wskz.pl\/aktualnosci\/wp-json\/wp\/v2\/posts\/4592","targetHints":{"allow":["GET"]}}],"collection":[{"href":"https:\/\/wskz.pl\/aktualnosci\/wp-json\/wp\/v2\/posts"}],"about":[{"href":"https:\/\/wskz.pl\/aktualnosci\/wp-json\/wp\/v2\/types\/post"}],"author":[{"embeddable":true,"href":"https:\/\/wskz.pl\/aktualnosci\/wp-json\/wp\/v2\/users\/15"}],"replies":[{"embeddable":true,"href":"https:\/\/wskz.pl\/aktualnosci\/wp-json\/wp\/v2\/comments?post=4592"}],"version-history":[{"count":2,"href":"https:\/\/wskz.pl\/aktualnosci\/wp-json\/wp\/v2\/posts\/4592\/revisions"}],"predecessor-version":[{"id":4599,"href":"https:\/\/wskz.pl\/aktualnosci\/wp-json\/wp\/v2\/posts\/4592\/revisions\/4599"}],"wp:featuredmedia":[{"embeddable":true,"href":"https:\/\/wskz.pl\/aktualnosci\/wp-json\/wp\/v2\/media\/4596"}],"wp:attachment":[{"href":"https:\/\/wskz.pl\/aktualnosci\/wp-json\/wp\/v2\/media?parent=4592"}],"wp:term":[{"taxonomy":"category","embeddable":true,"href":"https:\/\/wskz.pl\/aktualnosci\/wp-json\/wp\/v2\/categories?post=4592"},{"taxonomy":"post_tag","embeddable":true,"href":"https:\/\/wskz.pl\/aktualnosci\/wp-json\/wp\/v2\/tags?post=4592"}],"curies":[{"name":"wp","href":"https:\/\/api.w.org\/{rel}","templated":true}]}}